{"id":16240,"date":"2026-03-07T22:49:42","date_gmt":"2026-03-07T21:49:42","guid":{"rendered":"https:\/\/pruchnik.przemyska.pl\/?p=16240"},"modified":"2026-03-07T22:49:42","modified_gmt":"2026-03-07T21:49:42","slug":"kurs-przedmalzenski","status":"publish","type":"post","link":"https:\/\/pruchnik.przemyska.pl\/index.php\/2026\/03\/07\/kurs-przedmalzenski\/","title":{"rendered":"Kurs przedma\u0142\u017ce\u0144ski"},"content":{"rendered":"<p>Katechezy przedma\u0142\u017ce\u0144skie to element przygotowania do zawarcia sakramentalnego zwi\u0105zku ma\u0142\u017ce\u0144skiego. Kurs mo\u017cna zrealizowa\u0107 bezpo\u015brednio przed planowanym \u015blubem lub wcze\u015bniej.<\/p>\n<p>W naszej parafii tradycyjnie podejmujemy takie katechezy w czasie Wielkiego Postu, na spos\u00f3b weekendowego spotkania.<\/p>\n<p>Ca\u0142y kurs obejmuje 10 katechez dotycz\u0105cych teologii sakramentu ma\u0142\u017ce\u0144stwa, etyki \u017cycia ma\u0142\u017ce\u0144skiego oraz rodziny chrze\u015bcija\u0144skiej.<\/p>\n<p><strong>Termin:<\/strong><\/p>\n<p><strong>13-15 marca 2026 r.<\/strong><\/p>\n<p><strong>Rozpocz\u0119cie Msz\u0105 \u015awi\u0119t\u0105 w ko\u015bciele parafialnym w pi\u0105tek 13 marca o godz. 18.00.<\/strong><\/p>\n","protected":false},"excerpt":{"rendered":"<p>Katechezy przedma\u0142\u017ce\u0144skie to element przygotowania do zawarcia sakramentalnego zwi\u0105zku ma\u0142\u017ce\u0144skiego. Kurs mo\u017cna zrealizowa\u0107 bezpo\u015brednio przed planowanym \u015blubem lub wcze\u015bniej. W naszej parafii tradycyjnie podejmujemy takie katechezy w czasie Wielkiego Postu, na spos\u00f3b weekendowego spotkania. Ca\u0142y kurs obejmuje 10 katechez dotycz\u0105cych teologii sakramentu ma\u0142\u017ce\u0144stwa, etyki \u017cycia ma\u0142\u017ce\u0144skiego oraz rodziny chrze\u015bcija\u0144skiej. Termin: 13-15 marca 2026 r. Rozpocz\u0119cie Msz\u0105 \u015awi\u0119t\u0105 w ko\u015bciele parafialnym w pi\u0105tek 13 marca o&hellip;<a href=\"https:\/\/pruchnik.przemyska.pl\/index.php\/2026\/03\/07\/kurs-przedmalzenski\/\" class=\"more-link\">Continue reading <span class=\"screen-reader-text\">Kurs przedma\u0142\u017ce\u0144ski<\/span><\/a><\/p>\n","protected":false},"author":12,"featured_media":15824,"comment_status":"closed","ping_status":"closed","sticky":false,"template":"","format":"standard","meta":{"ngg_post_thumbnail":0,"footnotes":""},"categories":[26],"tags":[],"class_list":["post-16240","post","type-post","status-publish","format-standard","has-post-thumbnail","hentry","category-aktualnosci"],"_links":{"self":[{"href":"https:\/\/pruchnik.przemyska.pl\/index.php\/wp-json\/wp\/v2\/posts\/16240","targetHints":{"allow":["GET"]}}],"collection":[{"href":"https:\/\/pruchnik.przemyska.pl\/index.php\/wp-json\/wp\/v2\/posts"}],"about":[{"href":"https:\/\/pruchnik.przemyska.pl\/index.php\/wp-json\/wp\/v2\/types\/post"}],"author":[{"embeddable":true,"href":"https:\/\/pruchnik.przemyska.pl\/index.php\/wp-json\/wp\/v2\/users\/12"}],"replies":[{"embeddable":true,"href":"https:\/\/pruchnik.przemyska.pl\/index.php\/wp-json\/wp\/v2\/comments?post=16240"}],"version-history":[{"count":1,"href":"https:\/\/pruchnik.przemyska.pl\/index.php\/wp-json\/wp\/v2\/posts\/16240\/revisions"}],"predecessor-version":[{"id":16241,"href":"https:\/\/pruchnik.przemyska.pl\/index.php\/wp-json\/wp\/v2\/posts\/16240\/revisions\/16241"}],"wp:featuredmedia":[{"embeddable":true,"href":"https:\/\/pruchnik.przemyska.pl\/index.php\/wp-json\/wp\/v2\/media\/15824"}],"wp:attachment":[{"href":"https:\/\/pruchnik.przemyska.pl\/index.php\/wp-json\/wp\/v2\/media?parent=16240"}],"wp:term":[{"taxonomy":"category","embeddable":true,"href":"https:\/\/pruchnik.przemyska.pl\/index.php\/wp-json\/wp\/v2\/categories?post=16240"},{"taxonomy":"post_tag","embeddable":true,"href":"https:\/\/pruchnik.przemyska.pl\/index.php\/wp-json\/wp\/v2\/tags?post=16240"}],"curies":[{"name":"wp","href":"https:\/\/api.w.org\/{rel}","templated":true}]}}