{"id":16245,"date":"2026-03-07T23:11:46","date_gmt":"2026-03-07T22:11:46","guid":{"rendered":"https:\/\/pruchnik.przemyska.pl\/?p=16245"},"modified":"2026-03-07T23:29:44","modified_gmt":"2026-03-07T22:29:44","slug":"rekolekcje-parafialne-plan","status":"publish","type":"post","link":"https:\/\/pruchnik.przemyska.pl\/index.php\/2026\/03\/07\/rekolekcje-parafialne-plan\/","title":{"rendered":"Rekolekcje parafialne &#8211; plan"},"content":{"rendered":"<p><strong>Pi\u0105tek 13.03.2026<\/strong><\/p>\n<p>15.00 \u2013 Haw\u0142owice &#8211; &nbsp;Droga Krzy\u017cowa i nauka og\u00f3lna<\/p>\n<p>16.30 &#8211; Pruchnik G\u00f3rny &#8211; Droga Krzy\u017cowa i nauka og\u00f3lna<\/p>\n<p>17.30 \u2013 Ko\u015bci\u00f3\u0142 parafialny &#8211; Droga Krzy\u017cowa, Msza \u015bw. i nauka og\u00f3lna<\/p>\n<p>20.00 &#8211; Ko\u015bci\u00f3\u0142 parafialny &#8211; Droga Krzy\u017cowa i nauka og\u00f3lna<\/p>\n<p><strong>Sobota 14.03.2026<\/strong><\/p>\n<p>9.00 \u2013 Ko\u015bci\u00f3\u0142 parafialny Msza \u015bw., sakrament chorych, nauka dla starszych<\/p>\n<p>15.00 \u2013 Haw\u0142owice- Msza \u015bw. z nauk\u0105 og\u00f3ln\u0105<\/p>\n<p>16.30 &#8211; Pruchnik G\u00f3rny &#8211; &nbsp;Msza \u015bw. z nauk\u0105 og\u00f3ln\u0105<\/p>\n<p>18.00 &#8211; Ko\u015bci\u00f3\u0142 parafialny &#8211; Msza \u015bw. z nauk\u0105 og\u00f3ln\u0105<\/p>\n<p>&#8211; Po Mszy \u015bw. nauka dla rodzic\u00f3w<\/p>\n<p><strong>Niedziela 15.03.26.<\/strong><\/p>\n<p>7.00 &#8211; Ko\u015bci\u00f3\u0142 parafialny &#8211; Msza \u015bw. z nauk\u0105 og\u00f3ln\u0105<\/p>\n<p>8.00 &#8211; Pruchnik G\u00f3rny &#8211; Msza \u015bw. z nauk\u0105 og\u00f3ln\u0105<\/p>\n<p>9.00 &#8211; Ko\u015bci\u00f3\u0142 parafialny Msza \u015bw. z nauk\u0105 og\u00f3ln\u0105<\/p>\n<p>10.00 \u2013 Haw\u0142owice &#8211; &nbsp;Msza \u015bw. z nauk\u0105 og\u00f3ln\u0105<\/p>\n<p>11.00 &#8211; Ko\u015bci\u00f3\u0142 parafialny &#8211; &nbsp;Msza \u015bw. z nauk\u0105 og\u00f3ln\u0105<\/p>\n<p>15.15 \u2013 Ko\u015bci\u00f3\u0142 parafialny &#8211; Gorzkie \u017bale z nauk\u0105 na zako\u0144czenie rekolekcji<\/p>\n","protected":false},"excerpt":{"rendered":"<p>Pi\u0105tek 13.03.2026 15.00 \u2013 Haw\u0142owice &#8211; &nbsp;Droga Krzy\u017cowa i nauka og\u00f3lna 16.30 &#8211; Pruchnik G\u00f3rny &#8211; Droga Krzy\u017cowa i nauka og\u00f3lna 17.30 \u2013 Ko\u015bci\u00f3\u0142 parafialny &#8211; Droga Krzy\u017cowa, Msza \u015bw. i nauka og\u00f3lna 20.00 &#8211; Ko\u015bci\u00f3\u0142 parafialny &#8211; Droga Krzy\u017cowa i nauka og\u00f3lna Sobota 14.03.2026 9.00 \u2013 Ko\u015bci\u00f3\u0142 parafialny Msza \u015bw., sakrament chorych, nauka dla starszych 15.00 \u2013 Haw\u0142owice- Msza \u015bw. z nauk\u0105 og\u00f3ln\u0105 16.30&hellip;<a href=\"https:\/\/pruchnik.przemyska.pl\/index.php\/2026\/03\/07\/rekolekcje-parafialne-plan\/\" class=\"more-link\">Continue reading <span class=\"screen-reader-text\">Rekolekcje parafialne &#8211; plan<\/span><\/a><\/p>\n","protected":false},"author":12,"featured_media":16246,"comment_status":"closed","ping_status":"closed","sticky":false,"template":"","format":"standard","meta":{"ngg_post_thumbnail":0,"footnotes":""},"categories":[26],"tags":[],"class_list":["post-16245","post","type-post","status-publish","format-standard","has-post-thumbnail","hentry","category-aktualnosci"],"_links":{"self":[{"href":"https:\/\/pruchnik.przemyska.pl\/index.php\/wp-json\/wp\/v2\/posts\/16245","targetHints":{"allow":["GET"]}}],"collection":[{"href":"https:\/\/pruchnik.przemyska.pl\/index.php\/wp-json\/wp\/v2\/posts"}],"about":[{"href":"https:\/\/pruchnik.przemyska.pl\/index.php\/wp-json\/wp\/v2\/types\/post"}],"author":[{"embeddable":true,"href":"https:\/\/pruchnik.przemyska.pl\/index.php\/wp-json\/wp\/v2\/users\/12"}],"replies":[{"embeddable":true,"href":"https:\/\/pruchnik.przemyska.pl\/index.php\/wp-json\/wp\/v2\/comments?post=16245"}],"version-history":[{"count":1,"href":"https:\/\/pruchnik.przemyska.pl\/index.php\/wp-json\/wp\/v2\/posts\/16245\/revisions"}],"predecessor-version":[{"id":16247,"href":"https:\/\/pruchnik.przemyska.pl\/index.php\/wp-json\/wp\/v2\/posts\/16245\/revisions\/16247"}],"wp:featuredmedia":[{"embeddable":true,"href":"https:\/\/pruchnik.przemyska.pl\/index.php\/wp-json\/wp\/v2\/media\/16246"}],"wp:attachment":[{"href":"https:\/\/pruchnik.przemyska.pl\/index.php\/wp-json\/wp\/v2\/media?parent=16245"}],"wp:term":[{"taxonomy":"category","embeddable":true,"href":"https:\/\/pruchnik.przemyska.pl\/index.php\/wp-json\/wp\/v2\/categories?post=16245"},{"taxonomy":"post_tag","embeddable":true,"href":"https:\/\/pruchnik.przemyska.pl\/index.php\/wp-json\/wp\/v2\/tags?post=16245"}],"curies":[{"name":"wp","href":"https:\/\/api.w.org\/{rel}","templated":true}]}}