{"id":16317,"date":"2026-04-11T19:03:32","date_gmt":"2026-04-11T17:03:32","guid":{"rendered":"https:\/\/pruchnik.przemyska.pl\/?p=16317"},"modified":"2026-04-11T19:03:32","modified_gmt":"2026-04-11T17:03:32","slug":"niedziela-milosierdzia-bozego-ogloszenia-2","status":"publish","type":"post","link":"https:\/\/pruchnik.przemyska.pl\/index.php\/2026\/04\/11\/niedziela-milosierdzia-bozego-ogloszenia-2\/","title":{"rendered":"Niedziela Mi\u0142osierdzia Bo\u017cego &#8211; og\u0142oszenia"},"content":{"rendered":"<ol>\n<li>W II Niedziel\u0119 Wielkanocy, czyli Mi\u0142osierdzia Bo\u017cego ka\u017cdy wierny mo\u017ce&nbsp;zyska\u0107 odpust zupe\u0142ny pod zwyk\u0142ymi warunkami (spowied\u017a sakramentalna, komunia eucharystyczna, modlitwa w&nbsp;intencjach papieskich), je\u015bli w jakimkolwiek ko\u015bciele lub kaplicy, z sercem ca\u0142kowicie wolnym od wszelkiego przywi\u0105zania do jakiegokolwiek grzechu, cho\u0107by powszedniego, we\u017amie udzia\u0142 w pobo\u017cnych praktykach spe\u0142nianych ku czci Bo\u017cego Mi\u0142osierdzia albo przynajmniej odm\u00f3wi przed Naj\u015bwi\u0119tszym Sakramentem, wystawionym publicznie lub ukrytym w tabernakulum, modlitw\u0119 \u201eOjcze nasz\u201d i \u201eWierz\u0119 w&nbsp;Boga&#8221;, dodaj\u0105c pobo\u017cne wezwanie do Pana Jezusa Mi\u0142osiernego (np. \u201eJezu Mi\u0142osierny, ufam Tobie\u201d). Codziennie mo\u017cna zyska\u0107 odpust zupe\u0142ny za odm\u00f3wienie przed Naj\u015bwi\u0119tszym Sakramentem koronki do Mi\u0142osierdzia Bo\u017cego. Dzisiejsza niedziela rozpoczyna &nbsp;Tydzie\u0144 Mi\u0142osierdzia.<\/li>\n<li>Dzisiaj w ko\u015bciele farnym o godzinie 15.00 Koronka do Mi\u0142osierdzia Bo\u017cego i adoracja Naj\u015bwi\u0119tszego Sakramentu do godziny 16.00.<\/li>\n<li>Dzi\u015b druga niedziela kwietnia taca mszalna przeznaczona jest na prace remontowe w&nbsp;ko\u015bciele, puszka na Caritas Archidiecezji Przemyskiej.<\/li>\n<li>W poniedzia\u0142ek na Msz\u0119 \u015bw. wieczorn\u0105 i spotkanie formacyjne zapraszamy kandydat\u00f3w do bierzmowania z klas VIII.<\/li>\n<li>W przysz\u0142\u0105 niedziel\u0119 we wszystkich ko\u015bcio\u0142ach parafii m\u0142odzie\u017c i dzieci naszej szko\u0142y podejmuj\u0105 akcj\u0119 \u201ePola Nadziei\u201d, kt\u00f3ra ma na celu wsparcie hospicjum im \u015bw. Jana Paw\u0142a II w Jaros\u0142awiu. Jako znak wdzi\u0119czno\u015bci za sk\u0142adane na utrzymanie hospicjum ofiary otrzymamy wykonane przez dzieci \u017conkile. R\u00f3wnie\u017c w przysz\u0142\u0105 niedziel\u0119 ko\u0144cz\u0105c\u0105 Tydzie\u0144 Mi\u0142osierdzia prosimy dzieci o przyniesienie do ko\u015bcio\u0142a skarbonek z ja\u0142mu\u017cn\u0105 wielkopostn\u0105.<\/li>\n<li>Kancelaria parafialna b\u0119dzie od teraz czynna od poniedzia\u0142ku do pi\u0105tku (w soboty i niedziele nieczynna) bezpo\u015brednio po Mszy \u015bw. wieczornej do godziny 19.15. Rezygnujemy z&nbsp;otwierania kancelarii przed Msz\u0105 \u015bwi\u0119t\u0105 poniewa\u017c cz\u0119sto o godzinie 17.30 s\u0105 nabo\u017ce\u0144stwa (Droga Krzy\u017cowa, r\u00f3\u017caniec w pa\u017adzierniku, litania w maju i czerwcu czy adoracja we wtorek). Z tego powodu wychodzimy spowiada\u0107 o 17.00 i nie mo\u017cemy obs\u0142u\u017cy\u0107 interesant\u00f3w. Kancelaria jest nieczynna, gdy w tygodniu wypada \u015bwi\u0119to. W sprawach zwi\u0105zanych z&nbsp;pogrzebem mo\u017cna przyj\u015b\u0107 o ka\u017cdej porze dnia (tj. od 7.00 do 19.15). Z pro\u015bb\u0105 o zaopatrzenie umieraj\u0105cego mo\u017cna przyj\u015b\u0107 o ka\u017cdej porze dnia i nocy. Kancelaria parafialna nie \u015bwiadczy us\u0142ug zwi\u0105zanych z poszukiwaniem przodk\u00f3w. W tych sprawach nale\u017cy zwraca\u0107 si\u0119 do archiwum diecezjalnego w Przemy\u015blu. Urz\u0119dowe za\u015bwiadczenia wydawane s\u0105 jedynie w&nbsp;celach duszpasterskich.<\/li>\n<\/ol>\n<p><u>Zapowiedzi przed\u015blubne<\/u><\/p>\n<ol>\n<li>Nasz parafianin Tomasz Bart\u0142omiej Szko\u0142a z Klaudi\u0105 Wo\u017aniak z Lesznowoli zapowied\u017a pierwsza.<\/li>\n<li>Nasza parafianka Faustyna Sara Kami\u0144ska z Wojciechem Saj z parafii \u015bw. Teresy w Jaros\u0142awiu zapowied\u017a pierwsza.<\/li>\n<li>Nasz parafianin Piotr Jan Oleksy z Natali\u0105 Klaudi\u0105 Sobczak z parafii \u0141opuszka Wielka zapowied\u017a pierwsza.<\/li>\n<\/ol>\n","protected":false},"excerpt":{"rendered":"<p>W II Niedziel\u0119 Wielkanocy, czyli Mi\u0142osierdzia Bo\u017cego ka\u017cdy wierny mo\u017ce&nbsp;zyska\u0107 odpust zupe\u0142ny pod zwyk\u0142ymi warunkami (spowied\u017a sakramentalna, komunia eucharystyczna, modlitwa w&nbsp;intencjach papieskich), je\u015bli w jakimkolwiek ko\u015bciele lub kaplicy, z sercem ca\u0142kowicie wolnym od wszelkiego przywi\u0105zania do jakiegokolwiek grzechu, cho\u0107by powszedniego, we\u017amie udzia\u0142 w pobo\u017cnych praktykach spe\u0142nianych ku czci Bo\u017cego Mi\u0142osierdzia albo przynajmniej odm\u00f3wi przed Naj\u015bwi\u0119tszym Sakramentem, wystawionym publicznie lub ukrytym w tabernakulum, modlitw\u0119 \u201eOjcze nasz\u201d&hellip;<a href=\"https:\/\/pruchnik.przemyska.pl\/index.php\/2026\/04\/11\/niedziela-milosierdzia-bozego-ogloszenia-2\/\" class=\"more-link\">Continue reading <span class=\"screen-reader-text\">Niedziela Mi\u0142osierdzia Bo\u017cego &#8211; og\u0142oszenia<\/span><\/a><\/p>\n","protected":false},"author":12,"featured_media":15243,"comment_status":"closed","ping_status":"closed","sticky":false,"template":"","format":"standard","meta":{"ngg_post_thumbnail":0,"footnotes":""},"categories":[26,12],"tags":[],"class_list":["post-16317","post","type-post","status-publish","format-standard","has-post-thumbnail","hentry","category-aktualnosci","category-ogloszenia"],"_links":{"self":[{"href":"https:\/\/pruchnik.przemyska.pl\/index.php\/wp-json\/wp\/v2\/posts\/16317","targetHints":{"allow":["GET"]}}],"collection":[{"href":"https:\/\/pruchnik.przemyska.pl\/index.php\/wp-json\/wp\/v2\/posts"}],"about":[{"href":"https:\/\/pruchnik.przemyska.pl\/index.php\/wp-json\/wp\/v2\/types\/post"}],"author":[{"embeddable":true,"href":"https:\/\/pruchnik.przemyska.pl\/index.php\/wp-json\/wp\/v2\/users\/12"}],"replies":[{"embeddable":true,"href":"https:\/\/pruchnik.przemyska.pl\/index.php\/wp-json\/wp\/v2\/comments?post=16317"}],"version-history":[{"count":1,"href":"https:\/\/pruchnik.przemyska.pl\/index.php\/wp-json\/wp\/v2\/posts\/16317\/revisions"}],"predecessor-version":[{"id":16318,"href":"https:\/\/pruchnik.przemyska.pl\/index.php\/wp-json\/wp\/v2\/posts\/16317\/revisions\/16318"}],"wp:featuredmedia":[{"embeddable":true,"href":"https:\/\/pruchnik.przemyska.pl\/index.php\/wp-json\/wp\/v2\/media\/15243"}],"wp:attachment":[{"href":"https:\/\/pruchnik.przemyska.pl\/index.php\/wp-json\/wp\/v2\/media?parent=16317"}],"wp:term":[{"taxonomy":"category","embeddable":true,"href":"https:\/\/pruchnik.przemyska.pl\/index.php\/wp-json\/wp\/v2\/categories?post=16317"},{"taxonomy":"post_tag","embeddable":true,"href":"https:\/\/pruchnik.przemyska.pl\/index.php\/wp-json\/wp\/v2\/tags?post=16317"}],"curies":[{"name":"wp","href":"https:\/\/api.w.org\/{rel}","templated":true}]}}