{"id":16323,"date":"2026-04-18T18:30:45","date_gmt":"2026-04-18T16:30:45","guid":{"rendered":"https:\/\/pruchnik.przemyska.pl\/?p=16323"},"modified":"2026-04-18T11:32:21","modified_gmt":"2026-04-18T09:32:21","slug":"3-niedziela-wielkanocna-ogloszenia-3","status":"publish","type":"post","link":"https:\/\/pruchnik.przemyska.pl\/index.php\/2026\/04\/18\/3-niedziela-wielkanocna-ogloszenia-3\/","title":{"rendered":"3 Niedziela Wielkanocna &#8211; og\u0142oszenia"},"content":{"rendered":"<ol>\n<li>Dzisiaj we wszystkich ko\u015bcio\u0142ach parafii m\u0142odzie\u017c i dzieci naszej szko\u0142y podejmuj\u0105 &nbsp;akcj\u0119 \u201ePola Nadziei\u201d, kt\u00f3ra ma na celu wsparcie hospicjum im \u015bw. Jana Paw\u0142a II w&nbsp;Jaros\u0142awiu. Jako znak wdzi\u0119czno\u015bci za sk\u0142adane na utrzymanie hospicjum ofiary otrzymamy wykonane przez dzieci \u017conkile.<\/li>\n<li>W poniedzia\u0142ek na Msz\u0119 \u015bw. wieczorn\u0105 i spotkanie formacyjne zapraszamy kandydat\u00f3w do&nbsp;bierzmowania z klas VII.<\/li>\n<li>We wtorek na godz. 18.30 zapraszamy dzieci przygotowuj\u0105ce si\u0119 do I Komunii \u015bw. i rodzic\u00f3w na spotkanie formacyjne.<\/li>\n<li>Tak\u017ce we wtorek zapraszamy na wiecz\u00f3r uwielbienia do ko\u015bcio\u0142a w Pruchniku G\u00f3rnym na godzin\u0119 19.00.<\/li>\n<li>We czwartek Uroczysto\u015b\u0107 \u015bw. Wojciecha \u2013 Patrona Polski.<\/li>\n<li>Centrum Kultury w Pruchniku zaprasza do udzia\u0142u w 34 Biegach o memoria\u0142 b\u0142.&nbsp;Bronis\u0142awa Markiewicza, kt\u00f3re odb\u0119d\u0105 si\u0119 za tydzie\u0144 w niedziel\u0119 26 kwietnia, na stadionie sportowym w&nbsp;Pruchniku. Pocz\u0105tek o godzinie 13.00. Zapisy przez formularz internetowy. Zapraszamy do&nbsp;udzia\u0142u.<\/li>\n<li>Od nast\u0119pnego tygodnia rezygnujemy z rozprowadzenia w parafii \u201eGo\u015bcia Niedzielnego\u201d.<\/li>\n<\/ol>\n<p><u>Zapowiedzi przed\u015blubne<\/u><\/p>\n<ol>\n<li>Nasz parafianin Tomasz Bart\u0142omiej Szko\u0142a z Klaudi\u0105 Wo\u017aniak z Lesznowoli zapowied\u017a druga.<\/li>\n<li>Nasza parafianka Faustyna Sara Kami\u0144ska z Wojciechem Saj z parafii \u015bw. Teresy w Jaros\u0142awiu zapowied\u017a druga.<\/li>\n<li>Nasz parafianin Piotr Jan Oleksy z Natali\u0105 Klaudi\u0105 Sobczak z parafii \u0141opuszka Wielka zapowied\u017a druga.<\/li>\n<li>Nasz parafianin Dominik Jakub Pieszko z Ann\u0105 Natali\u0105 Jandula z parafii Boratyn zapowied\u017a pierwsza.<\/li>\n<li>Nasz parafianin Krystian Mieczys\u0142aw Motyka z Ann\u0105 Helen\u0105 K\u0142opot z parafii Kramarz\u00f3wka zapowied\u017a pierwsza.<\/li>\n<li>Nasz parafianin Dawid Ryszard Dzie\u0144 z nasz\u0105 parafiank\u0105 Dian\u0105 Olejarz zapowied\u017a pierwsza<\/li>\n<li>Nasz parafianin Tomasz Miros\u0142aw Domka z nasz\u0105 parafiank\u0105 Renat\u0105 Syka\u0142a zapowied\u017a pierwsza.<\/li>\n<\/ol>\n","protected":false},"excerpt":{"rendered":"<p>Dzisiaj we wszystkich ko\u015bcio\u0142ach parafii m\u0142odzie\u017c i dzieci naszej szko\u0142y podejmuj\u0105 &nbsp;akcj\u0119 \u201ePola Nadziei\u201d, kt\u00f3ra ma na celu wsparcie hospicjum im \u015bw. Jana Paw\u0142a II w&nbsp;Jaros\u0142awiu. Jako znak wdzi\u0119czno\u015bci za sk\u0142adane na utrzymanie hospicjum ofiary otrzymamy wykonane przez dzieci \u017conkile. W poniedzia\u0142ek na Msz\u0119 \u015bw. wieczorn\u0105 i spotkanie formacyjne zapraszamy kandydat\u00f3w do&nbsp;bierzmowania z klas VII. We wtorek na godz. 18.30 zapraszamy dzieci przygotowuj\u0105ce si\u0119 do&hellip;<a href=\"https:\/\/pruchnik.przemyska.pl\/index.php\/2026\/04\/18\/3-niedziela-wielkanocna-ogloszenia-3\/\" class=\"more-link\">Continue reading <span class=\"screen-reader-text\">3 Niedziela Wielkanocna &#8211; og\u0142oszenia<\/span><\/a><\/p>\n","protected":false},"author":12,"featured_media":16324,"comment_status":"closed","ping_status":"closed","sticky":false,"template":"","format":"standard","meta":{"ngg_post_thumbnail":0,"footnotes":""},"categories":[26,12],"tags":[],"class_list":["post-16323","post","type-post","status-publish","format-standard","has-post-thumbnail","hentry","category-aktualnosci","category-ogloszenia"],"_links":{"self":[{"href":"https:\/\/pruchnik.przemyska.pl\/index.php\/wp-json\/wp\/v2\/posts\/16323","targetHints":{"allow":["GET"]}}],"collection":[{"href":"https:\/\/pruchnik.przemyska.pl\/index.php\/wp-json\/wp\/v2\/posts"}],"about":[{"href":"https:\/\/pruchnik.przemyska.pl\/index.php\/wp-json\/wp\/v2\/types\/post"}],"author":[{"embeddable":true,"href":"https:\/\/pruchnik.przemyska.pl\/index.php\/wp-json\/wp\/v2\/users\/12"}],"replies":[{"embeddable":true,"href":"https:\/\/pruchnik.przemyska.pl\/index.php\/wp-json\/wp\/v2\/comments?post=16323"}],"version-history":[{"count":1,"href":"https:\/\/pruchnik.przemyska.pl\/index.php\/wp-json\/wp\/v2\/posts\/16323\/revisions"}],"predecessor-version":[{"id":16325,"href":"https:\/\/pruchnik.przemyska.pl\/index.php\/wp-json\/wp\/v2\/posts\/16323\/revisions\/16325"}],"wp:featuredmedia":[{"embeddable":true,"href":"https:\/\/pruchnik.przemyska.pl\/index.php\/wp-json\/wp\/v2\/media\/16324"}],"wp:attachment":[{"href":"https:\/\/pruchnik.przemyska.pl\/index.php\/wp-json\/wp\/v2\/media?parent=16323"}],"wp:term":[{"taxonomy":"category","embeddable":true,"href":"https:\/\/pruchnik.przemyska.pl\/index.php\/wp-json\/wp\/v2\/categories?post=16323"},{"taxonomy":"post_tag","embeddable":true,"href":"https:\/\/pruchnik.przemyska.pl\/index.php\/wp-json\/wp\/v2\/tags?post=16323"}],"curies":[{"name":"wp","href":"https:\/\/api.w.org\/{rel}","templated":true}]}}