{"id":16430,"date":"2026-09-05T18:53:54","date_gmt":"2026-09-05T16:53:54","guid":{"rendered":"https:\/\/pruchnik.przemyska.pl\/?p=16430"},"modified":"2026-09-05T18:53:54","modified_gmt":"2026-09-05T16:53:54","slug":"23-niedziela-zwykla-ogloszenia-8","status":"publish","type":"post","link":"https:\/\/pruchnik.przemyska.pl\/index.php\/2026\/09\/05\/23-niedziela-zwykla-ogloszenia-8\/","title":{"rendered":"23 Niedziela Zwyk\u0142a &#8211; og\u0142oszenia"},"content":{"rendered":"<ol>\n<li>Dzisiaj pierwsza niedziela wrze\u015bnia, zmiana tajemnic r\u00f3\u017ca\u0144cowych.<\/li>\n<li>W poniedzia\u0142ek na Msz\u0119 \u015bw. wieczorn\u0105 i spotkanie zapraszamy Rodzic\u00f3w oraz kandydat\u00f3w do bierzmowania z klas VIII.<\/li>\n<li>Zapraszamy na spotkania scholi dzieci\u0119cej. Zapraszamy dzieci, kt\u00f3re ju\u017c ucz\u0119szcza\u0142y w spotykaniach oraz te, kt\u00f3re chcia\u0142yby do\u0142\u0105czy\u0107. W tym roku spotkania b\u0119d\u0105 w poniedzia\u0142ki, o godzinie 16.30, w salce parafialnej.<\/li>\n<li>We wtorek \u015awi\u0119to Narodzenia NMP, b\u0142ogos\u0142awie\u0144stwo ziarna na siew.<\/li>\n<li>We \u015brod\u0119 na Msz\u0119 \u015bw. i zbi\u00f3rk\u0119 zapraszamy wszystkich ministrant\u00f3w pe\u0142ni\u0105cych s\u0142u\u017cb\u0119 w ko\u015bciele parafialnym.<\/li>\n<li>Spotkanie oazy odb\u0119dzie si\u0119 w pi\u0105tek na Mszy \u015bw. wieczornej. Wsp\u00f3lnota jest otwarta dla ka\u017cdego m\u0142odego cz\u0142owieka, kt\u00f3ry pragnie lepiej pozna\u0107 Pana Boga i do\u015bwiadczy\u0107 rado\u015bci we wsp\u00f3lnocie. Zapraszamy.<\/li>\n<li>W sobot\u0119, 12 wrze\u015bnia, z naszej parafii wyrusza XV Pielgrzymka Dzi\u0119kczynna \u201e\u015aladami \u015awi\u0119tych\u201d do Archikatedry Przemyskiej. Pielgrzymka b\u0119dzie okazj\u0105 do podzi\u0119kowania za \u017cycie i charyzmat b\u0142. Bronis\u0142awa. Rozpocz\u0119cie pielgrzymki w ko\u015bciele parafialnym o godzinie 6.30.<\/li>\n<li>Trwaj\u0105 zapisy na Festiwal Mocy i Michalickie Spotkanie M\u0142odych, kt\u00f3re odb\u0119dzie si\u0119 w Miejscu Piastowym w&nbsp;dniach 18-20 wrze\u015bnia br. Wiek minimalny 13 lat. Koszt 150 z\u0142 plus transport. Zapisy u ksi\u0119dza Jakuba.<\/li>\n<li>Za tydzie\u0144 druga niedziela wrze\u015bnia, taca jest przeznaczona na prace remontowe w ko\u015bciele.<\/li>\n<\/ol>\n","protected":false},"excerpt":{"rendered":"<p>Dzisiaj pierwsza niedziela wrze\u015bnia, zmiana tajemnic r\u00f3\u017ca\u0144cowych. W poniedzia\u0142ek na Msz\u0119 \u015bw. wieczorn\u0105 i spotkanie zapraszamy Rodzic\u00f3w oraz kandydat\u00f3w do bierzmowania z klas VIII. Zapraszamy na spotkania scholi dzieci\u0119cej. Zapraszamy dzieci, kt\u00f3re ju\u017c ucz\u0119szcza\u0142y w spotykaniach oraz te, kt\u00f3re chcia\u0142yby do\u0142\u0105czy\u0107. W tym roku spotkania b\u0119d\u0105 w poniedzia\u0142ki, o godzinie 16.30, w salce parafialnej. We wtorek \u015awi\u0119to Narodzenia NMP, b\u0142ogos\u0142awie\u0144stwo ziarna na siew. We \u015brod\u0119&hellip;<a href=\"https:\/\/pruchnik.przemyska.pl\/index.php\/2026\/09\/05\/23-niedziela-zwykla-ogloszenia-8\/\" class=\"more-link\">Continue reading <span class=\"screen-reader-text\">23 Niedziela Zwyk\u0142a &#8211; og\u0142oszenia<\/span><\/a><\/p>\n","protected":false},"author":12,"featured_media":16431,"comment_status":"closed","ping_status":"closed","sticky":false,"template":"","format":"standard","meta":{"ngg_post_thumbnail":0,"footnotes":""},"categories":[26,12],"tags":[],"class_list":["post-16430","post","type-post","status-publish","format-standard","has-post-thumbnail","hentry","category-aktualnosci","category-ogloszenia"],"_links":{"self":[{"href":"https:\/\/pruchnik.przemyska.pl\/index.php\/wp-json\/wp\/v2\/posts\/16430","targetHints":{"allow":["GET"]}}],"collection":[{"href":"https:\/\/pruchnik.przemyska.pl\/index.php\/wp-json\/wp\/v2\/posts"}],"about":[{"href":"https:\/\/pruchnik.przemyska.pl\/index.php\/wp-json\/wp\/v2\/types\/post"}],"author":[{"embeddable":true,"href":"https:\/\/pruchnik.przemyska.pl\/index.php\/wp-json\/wp\/v2\/users\/12"}],"replies":[{"embeddable":true,"href":"https:\/\/pruchnik.przemyska.pl\/index.php\/wp-json\/wp\/v2\/comments?post=16430"}],"version-history":[{"count":1,"href":"https:\/\/pruchnik.przemyska.pl\/index.php\/wp-json\/wp\/v2\/posts\/16430\/revisions"}],"predecessor-version":[{"id":16432,"href":"https:\/\/pruchnik.przemyska.pl\/index.php\/wp-json\/wp\/v2\/posts\/16430\/revisions\/16432"}],"wp:featuredmedia":[{"embeddable":true,"href":"https:\/\/pruchnik.przemyska.pl\/index.php\/wp-json\/wp\/v2\/media\/16431"}],"wp:attachment":[{"href":"https:\/\/pruchnik.przemyska.pl\/index.php\/wp-json\/wp\/v2\/media?parent=16430"}],"wp:term":[{"taxonomy":"category","embeddable":true,"href":"https:\/\/pruchnik.przemyska.pl\/index.php\/wp-json\/wp\/v2\/categories?post=16430"},{"taxonomy":"post_tag","embeddable":true,"href":"https:\/\/pruchnik.przemyska.pl\/index.php\/wp-json\/wp\/v2\/tags?post=16430"}],"curies":[{"name":"wp","href":"https:\/\/api.w.org\/{rel}","templated":true}]}}